{"id":470,"date":"2016-05-20T09:27:58","date_gmt":"2016-05-20T11:27:58","guid":{"rendered":"http:\/\/www.pirmojigimnazija.lt\/biblioteka\/?p=470"},"modified":"2025-03-27T06:31:13","modified_gmt":"2025-03-27T08:31:13","slug":"gimnazijos-skaitykla-tampa-jaukiu-kampeliu","status":"publish","type":"post","link":"https:\/\/www.pirmojigimnazija.lt\/biblioteka\/index.php\/2016\/05\/20\/gimnazijos-skaitykla-tampa-jaukiu-kampeliu\/","title":{"rendered":"Gimnazijos skaitykla \u00a0tampa jaukiu kampeliu"},"content":{"rendered":"<h2 style=\"text-align: center;\"><em>D\u0117kojame\u00a0\u00a0u\u017e id\u0117j\u0105 ir jos \u012fgyvendinim\u0105<\/em><\/h2>\n<p style=\"text-align: center;\">mokytojui Alvydui E\u017eerinskiui,<\/p>\n<p style=\"text-align: center;\">Ruk\u0161nai\u010diui Edvinui 3d,<\/p>\n<p style=\"text-align: center;\">Bumbuliui Modestui 3c,<\/p>\n<p style=\"text-align: center;\">staliui Albertui Keizeriui,<\/p>\n<p style=\"text-align: center;\">verslininkui Adui Naus\u0117dai,<\/p>\n<p style=\"text-align: center;\">seneli\u0173 globos nam\u0173 \u00a0&#8222;Senjor\u0173 Eldoradas&#8221;direktoriui Dovydui Giedrai\u010diui \u00a0ir vadovei\u00a0\u00a0Laimutei Giedraitienei,<\/p>\n<p style=\"text-align: center;\">t\u0117v\u0173 komiteto pirmininkui Marijui Budrai\u010diui.<\/p>\n<p style=\"text-align: center;\"><img loading=\"lazy\" decoding=\"async\" class=\"alignnone size-medium wp-image-444\" src=\"http:\/\/www.pirmojigimnazija.lt\/biblioteka\/wp-content\/uploads\/2016\/03\/20160509_144851-300x163.jpg\" alt=\"20160509_144851\" width=\"300\" height=\"163\" \/><\/p>\n","protected":false},"excerpt":{"rendered":"<p>D\u0117kojame\u00a0\u00a0u\u017e id\u0117j\u0105 ir jos \u012fgyvendinim\u0105 mokytojui Alvydui E\u017eerinskiui, Ruk\u0161nai\u010diui Edvinui 3d, Bumbuliui Modestui 3c, staliui Albertui Keizeriui, verslininkui Adui Naus\u0117dai, seneli\u0173 globos nam\u0173 \u00a0&#8222;Senjor\u0173 Eldoradas&#8221;direktoriui Dovydui Giedrai\u010diui \u00a0ir vadovei\u00a0\u00a0Laimutei Giedraitienei, t\u0117v\u0173 komiteto pirmininkui Marijui Budrai\u010diui.<\/p>\n","protected":false},"author":2,"featured_media":0,"comment_status":"open","ping_status":"closed","sticky":false,"template":"","format":"standard","meta":{"ngg_post_thumbnail":0,"footnotes":""},"categories":[19],"tags":[],"_links":{"self":[{"href":"https:\/\/www.pirmojigimnazija.lt\/biblioteka\/index.php\/wp-json\/wp\/v2\/posts\/470"}],"collection":[{"href":"https:\/\/www.pirmojigimnazija.lt\/biblioteka\/index.php\/wp-json\/wp\/v2\/posts"}],"about":[{"href":"https:\/\/www.pirmojigimnazija.lt\/biblioteka\/index.php\/wp-json\/wp\/v2\/types\/post"}],"author":[{"embeddable":true,"href":"https:\/\/www.pirmojigimnazija.lt\/biblioteka\/index.php\/wp-json\/wp\/v2\/users\/2"}],"replies":[{"embeddable":true,"href":"https:\/\/www.pirmojigimnazija.lt\/biblioteka\/index.php\/wp-json\/wp\/v2\/comments?post=470"}],"version-history":[{"count":2,"href":"https:\/\/www.pirmojigimnazija.lt\/biblioteka\/index.php\/wp-json\/wp\/v2\/posts\/470\/revisions"}],"predecessor-version":[{"id":3990,"href":"https:\/\/www.pirmojigimnazija.lt\/biblioteka\/index.php\/wp-json\/wp\/v2\/posts\/470\/revisions\/3990"}],"wp:attachment":[{"href":"https:\/\/www.pirmojigimnazija.lt\/biblioteka\/index.php\/wp-json\/wp\/v2\/media?parent=470"}],"wp:term":[{"taxonomy":"category","embeddable":true,"href":"https:\/\/www.pirmojigimnazija.lt\/biblioteka\/index.php\/wp-json\/wp\/v2\/categories?post=470"},{"taxonomy":"post_tag","embeddable":true,"href":"https:\/\/www.pirmojigimnazija.lt\/biblioteka\/index.php\/wp-json\/wp\/v2\/tags?post=470"}],"curies":[{"name":"wp","href":"https:\/\/api.w.org\/{rel}","templated":true}]}}