{"id":4096,"date":"2024-01-23T06:06:54","date_gmt":"2024-01-23T08:06:54","guid":{"rendered":"https:\/\/www.pirmojigimnazija.lt\/biblioteka\/?p=4096"},"modified":"2024-02-27T08:31:31","modified_gmt":"2024-02-27T10:31:31","slug":"meninio-skaitymo-konkursas","status":"publish","type":"post","link":"https:\/\/www.pirmojigimnazija.lt\/biblioteka\/index.php\/2024\/01\/23\/meninio-skaitymo-konkursas\/","title":{"rendered":"Meninio skaitymo konkursas"},"content":{"rendered":"\n<div class=\"wp-block-columns is-layout-flex wp-container-core-columns-layout-1 wp-block-columns-is-layout-flex\">\n<div class=\"wp-block-column is-layout-flow wp-block-column-is-layout-flow\" style=\"flex-basis:100%\">\n<figure class=\"wp-block-image size-large\"><img loading=\"lazy\" decoding=\"async\" width=\"1024\" height=\"441\" src=\"http:\/\/www.pirmojigimnazija.lt\/biblioteka\/wp-content\/uploads\/2024\/01\/skaitovai-2-1024x441.jpg\" alt=\"\" class=\"wp-image-4097\" srcset=\"https:\/\/www.pirmojigimnazija.lt\/biblioteka\/wp-content\/uploads\/2024\/01\/skaitovai-2-1024x441.jpg 1024w, https:\/\/www.pirmojigimnazija.lt\/biblioteka\/wp-content\/uploads\/2024\/01\/skaitovai-2-300x129.jpg 300w, https:\/\/www.pirmojigimnazija.lt\/biblioteka\/wp-content\/uploads\/2024\/01\/skaitovai-2-768x331.jpg 768w, https:\/\/www.pirmojigimnazija.lt\/biblioteka\/wp-content\/uploads\/2024\/01\/skaitovai-2-1536x661.jpg 1536w, https:\/\/www.pirmojigimnazija.lt\/biblioteka\/wp-content\/uploads\/2024\/01\/skaitovai-2.jpg 1967w\" sizes=\"(max-width: 1024px) 100vw, 1024px\" \/><\/figure>\n<\/div>\n<\/div>\n\n\n\n<p>\u0160iais metais skaitov\u0173 konkurse dalyvavo 30 gimnazist\u0173! Klaus\u0117m\u0117s J. Petrovi\u010d, J. Degutyt\u0117s, V. Ma\u010dernio, J. Vai\u010di\u016bnait\u0117s, I. \u0160einiaus, K. Brad\u016bno, H. Radausko, Just. Marcinkevi\u010diaus, S. Plath, B. Brazd\u017eionio, S. Dacien\u0117s, A. Mi\u0161kinio, J. Ais\u010dio, M. Katili\u0161kio, K. Gudaityt\u0117s tekst\u0173. Renginys skirtas klasiko K. Donelai\u010dio 310-uj\u0173 gimimo met\u0173 jubiliejui, bet taip sutapo, kad \u0161iandien minime ir ra\u0161ytojos I. Simonaityt\u0117s gimtadien\u012f. Taip visai netik\u0117tai susitiko praeities ra\u0161ytojai ir meninio \u017eod\u017eio jaunieji gerb\u0117jai.\u00a0<\/p>\n","protected":false},"excerpt":{"rendered":"<p>\u0160iais metais skaitov\u0173 konkurse dalyvavo 30 gimnazist\u0173! Klaus\u0117m\u0117s J. Petrovi\u010d, J. Degutyt\u0117s, V. Ma\u010dernio, J. Vai\u010di\u016bnait\u0117s, I. \u0160einiaus, K. Brad\u016bno, H. Radausko, Just. Marcinkevi\u010diaus, S. Plath, B. Brazd\u017eionio, S. Dacien\u0117s, A. Mi\u0161kinio, J. Ais\u010dio, M. Katili\u0161kio, K. Gudaityt\u0117s tekst\u0173. Renginys<\/p>\n","protected":false},"author":2,"featured_media":0,"comment_status":"closed","ping_status":"closed","sticky":false,"template":"","format":"standard","meta":{"ngg_post_thumbnail":0,"footnotes":""},"categories":[11],"tags":[],"_links":{"self":[{"href":"https:\/\/www.pirmojigimnazija.lt\/biblioteka\/index.php\/wp-json\/wp\/v2\/posts\/4096"}],"collection":[{"href":"https:\/\/www.pirmojigimnazija.lt\/biblioteka\/index.php\/wp-json\/wp\/v2\/posts"}],"about":[{"href":"https:\/\/www.pirmojigimnazija.lt\/biblioteka\/index.php\/wp-json\/wp\/v2\/types\/post"}],"author":[{"embeddable":true,"href":"https:\/\/www.pirmojigimnazija.lt\/biblioteka\/index.php\/wp-json\/wp\/v2\/users\/2"}],"replies":[{"embeddable":true,"href":"https:\/\/www.pirmojigimnazija.lt\/biblioteka\/index.php\/wp-json\/wp\/v2\/comments?post=4096"}],"version-history":[{"count":4,"href":"https:\/\/www.pirmojigimnazija.lt\/biblioteka\/index.php\/wp-json\/wp\/v2\/posts\/4096\/revisions"}],"predecessor-version":[{"id":4137,"href":"https:\/\/www.pirmojigimnazija.lt\/biblioteka\/index.php\/wp-json\/wp\/v2\/posts\/4096\/revisions\/4137"}],"wp:attachment":[{"href":"https:\/\/www.pirmojigimnazija.lt\/biblioteka\/index.php\/wp-json\/wp\/v2\/media?parent=4096"}],"wp:term":[{"taxonomy":"category","embeddable":true,"href":"https:\/\/www.pirmojigimnazija.lt\/biblioteka\/index.php\/wp-json\/wp\/v2\/categories?post=4096"},{"taxonomy":"post_tag","embeddable":true,"href":"https:\/\/www.pirmojigimnazija.lt\/biblioteka\/index.php\/wp-json\/wp\/v2\/tags?post=4096"}],"curies":[{"name":"wp","href":"https:\/\/api.w.org\/{rel}","templated":true}]}}