{"id":3634,"date":"2023-06-02T11:11:44","date_gmt":"2023-06-02T13:11:44","guid":{"rendered":"http:\/\/www.pirmojigimnazija.lt\/biblioteka\/?p=3634"},"modified":"2024-03-29T07:34:16","modified_gmt":"2024-03-29T09:34:16","slug":"miniatiuru-konkurso-parodos-musu-vienas-vardas-lietuva-baigiamasis-apdovanojimu-renginys","status":"publish","type":"post","link":"https:\/\/www.pirmojigimnazija.lt\/biblioteka\/index.php\/2023\/06\/02\/miniatiuru-konkurso-parodos-musu-vienas-vardas-lietuva-baigiamasis-apdovanojimu-renginys\/","title":{"rendered":"Miniati\u016br\u0173 konkurso &#8211; parodos &#8222;M\u016bs\u0173 vienas  vardas -Lietuva&#8221;  baigiamasis apdovanojim\u0173 renginys"},"content":{"rendered":"\r\n\r\n\r\n<p>Bir\u017eelio 2 d. gimnazijos bibliotekoje \u012fvyko respublikinio miniati\u016br\u0173 konkurso- parodos<\/p>\r\n<p style=\"text-align: center;\"><strong>&#8222;M\u016bs\u0173 vienas vardas &#8211; Lietuva&#8221;<\/strong><\/p>\r\n<p style=\"text-align: center;\">baigiamasis apdovanojim\u0173 renginys.\u00a0<\/p>\r\n<p>Sulauk\u0117me sve\u010di\u0173 i\u0161 \u0160ilal\u0117s, Taurag\u0117s, Kretingos raj. ir \u0160ilut\u0117s sav. mokykl\u0173.<\/p>\r\n<p><strong>Renginio akimirkos\u00a0<\/strong><\/p>\r\n<p>&nbsp;<\/p>\r\n<p><a href=\"http:\/\/www.pirmojigimnazija.lt\/biblioteka\/wp-content\/uploads\/2023\/06\/image00067.jpeg\"><img loading=\"lazy\" decoding=\"async\" class=\"wp-image-3640 aligncenter\" src=\"http:\/\/www.pirmojigimnazija.lt\/biblioteka\/wp-content\/uploads\/2023\/06\/image00067-300x225.jpeg\" alt=\"\" width=\"411\" height=\"308\" srcset=\"https:\/\/www.pirmojigimnazija.lt\/biblioteka\/wp-content\/uploads\/2023\/06\/image00067-300x225.jpeg 300w, https:\/\/www.pirmojigimnazija.lt\/biblioteka\/wp-content\/uploads\/2023\/06\/image00067-1024x768.jpeg 1024w, https:\/\/www.pirmojigimnazija.lt\/biblioteka\/wp-content\/uploads\/2023\/06\/image00067-768x576.jpeg 768w, https:\/\/www.pirmojigimnazija.lt\/biblioteka\/wp-content\/uploads\/2023\/06\/image00067-1536x1152.jpeg 1536w, https:\/\/www.pirmojigimnazija.lt\/biblioteka\/wp-content\/uploads\/2023\/06\/image00067.jpeg 1920w\" sizes=\"(max-width: 411px) 100vw, 411px\" \/><\/a><\/p>\r\n<p><a href=\"http:\/\/www.pirmojigimnazija.lt\/biblioteka\/wp-content\/uploads\/2023\/06\/image00015.jpeg\"><img loading=\"lazy\" decoding=\"async\" class=\" wp-image-3654 aligncenter\" src=\"http:\/\/www.pirmojigimnazija.lt\/biblioteka\/wp-content\/uploads\/2023\/06\/image00015-225x300.jpeg\" alt=\"\" width=\"285\" height=\"380\" srcset=\"https:\/\/www.pirmojigimnazija.lt\/biblioteka\/wp-content\/uploads\/2023\/06\/image00015-225x300.jpeg 225w, https:\/\/www.pirmojigimnazija.lt\/biblioteka\/wp-content\/uploads\/2023\/06\/image00015-768x1024.jpeg 768w, https:\/\/www.pirmojigimnazija.lt\/biblioteka\/wp-content\/uploads\/2023\/06\/image00015-1152x1536.jpeg 1152w, https:\/\/www.pirmojigimnazija.lt\/biblioteka\/wp-content\/uploads\/2023\/06\/image00015.jpeg 1440w\" sizes=\"(max-width: 285px) 100vw, 285px\" \/><\/a><a href=\"http:\/\/www.pirmojigimnazija.lt\/biblioteka\/wp-content\/uploads\/2023\/06\/20230602_120802.jpg\"><img loading=\"lazy\" decoding=\"async\" class=\" wp-image-3653 aligncenter\" src=\"http:\/\/www.pirmojigimnazija.lt\/biblioteka\/wp-content\/uploads\/2023\/06\/20230602_120802-300x300.jpg\" alt=\"\" width=\"291\" height=\"291\" srcset=\"https:\/\/www.pirmojigimnazija.lt\/biblioteka\/wp-content\/uploads\/2023\/06\/20230602_120802-300x300.jpg 300w, https:\/\/www.pirmojigimnazija.lt\/biblioteka\/wp-content\/uploads\/2023\/06\/20230602_120802-1024x1024.jpg 1024w, https:\/\/www.pirmojigimnazija.lt\/biblioteka\/wp-content\/uploads\/2023\/06\/20230602_120802-150x150.jpg 150w, https:\/\/www.pirmojigimnazija.lt\/biblioteka\/wp-content\/uploads\/2023\/06\/20230602_120802-768x768.jpg 768w, https:\/\/www.pirmojigimnazija.lt\/biblioteka\/wp-content\/uploads\/2023\/06\/20230602_120802-1536x1536.jpg 1536w, https:\/\/www.pirmojigimnazija.lt\/biblioteka\/wp-content\/uploads\/2023\/06\/20230602_120802-230x230.jpg 230w, https:\/\/www.pirmojigimnazija.lt\/biblioteka\/wp-content\/uploads\/2023\/06\/20230602_120802-365x365.jpg 365w, https:\/\/www.pirmojigimnazija.lt\/biblioteka\/wp-content\/uploads\/2023\/06\/20230602_120802.jpg 1920w\" sizes=\"(max-width: 291px) 100vw, 291px\" \/><\/a><a href=\"http:\/\/www.pirmojigimnazija.lt\/biblioteka\/wp-content\/uploads\/2023\/06\/image00020.jpeg\"><img loading=\"lazy\" decoding=\"async\" class=\"wp-image-3650 aligncenter\" src=\"http:\/\/www.pirmojigimnazija.lt\/biblioteka\/wp-content\/uploads\/2023\/06\/image00020-300x225.jpeg\" alt=\"\" width=\"292\" height=\"219\" srcset=\"https:\/\/www.pirmojigimnazija.lt\/biblioteka\/wp-content\/uploads\/2023\/06\/image00020-300x225.jpeg 300w, https:\/\/www.pirmojigimnazija.lt\/biblioteka\/wp-content\/uploads\/2023\/06\/image00020-1024x768.jpeg 1024w, https:\/\/www.pirmojigimnazija.lt\/biblioteka\/wp-content\/uploads\/2023\/06\/image00020-768x576.jpeg 768w, https:\/\/www.pirmojigimnazija.lt\/biblioteka\/wp-content\/uploads\/2023\/06\/image00020-1536x1152.jpeg 1536w, https:\/\/www.pirmojigimnazija.lt\/biblioteka\/wp-content\/uploads\/2023\/06\/image00020.jpeg 1920w\" sizes=\"(max-width: 292px) 100vw, 292px\" \/><\/a><\/p>\r\n<p style=\"text-align: center;\"><a href=\"http:\/\/www.pirmojigimnazija.lt\/biblioteka\/wp-content\/uploads\/2023\/06\/image00052.jpeg\"><img loading=\"lazy\" decoding=\"async\" class=\"size-medium wp-image-3652 aligncenter\" src=\"http:\/\/www.pirmojigimnazija.lt\/biblioteka\/wp-content\/uploads\/2023\/06\/image00052-300x225.jpeg\" alt=\"\" width=\"300\" height=\"225\" srcset=\"https:\/\/www.pirmojigimnazija.lt\/biblioteka\/wp-content\/uploads\/2023\/06\/image00052-300x225.jpeg 300w, https:\/\/www.pirmojigimnazija.lt\/biblioteka\/wp-content\/uploads\/2023\/06\/image00052-1024x768.jpeg 1024w, https:\/\/www.pirmojigimnazija.lt\/biblioteka\/wp-content\/uploads\/2023\/06\/image00052-768x576.jpeg 768w, https:\/\/www.pirmojigimnazija.lt\/biblioteka\/wp-content\/uploads\/2023\/06\/image00052-1536x1152.jpeg 1536w, https:\/\/www.pirmojigimnazija.lt\/biblioteka\/wp-content\/uploads\/2023\/06\/image00052.jpeg 1920w\" sizes=\"(max-width: 300px) 100vw, 300px\" \/><\/a><a href=\"http:\/\/www.pirmojigimnazija.lt\/biblioteka\/wp-content\/uploads\/2023\/06\/image00019-1.jpeg\"><img loading=\"lazy\" decoding=\"async\" class=\"alignnone size-medium wp-image-3649\" src=\"http:\/\/www.pirmojigimnazija.lt\/biblioteka\/wp-content\/uploads\/2023\/06\/image00019-1-300x225.jpeg\" alt=\"\" width=\"300\" height=\"225\" srcset=\"https:\/\/www.pirmojigimnazija.lt\/biblioteka\/wp-content\/uploads\/2023\/06\/image00019-1-300x225.jpeg 300w, https:\/\/www.pirmojigimnazija.lt\/biblioteka\/wp-content\/uploads\/2023\/06\/image00019-1-1024x768.jpeg 1024w, https:\/\/www.pirmojigimnazija.lt\/biblioteka\/wp-content\/uploads\/2023\/06\/image00019-1-768x576.jpeg 768w, https:\/\/www.pirmojigimnazija.lt\/biblioteka\/wp-content\/uploads\/2023\/06\/image00019-1-1536x1152.jpeg 1536w, https:\/\/www.pirmojigimnazija.lt\/biblioteka\/wp-content\/uploads\/2023\/06\/image00019-1.jpeg 1920w\" sizes=\"(max-width: 300px) 100vw, 300px\" \/><\/a>\u00a0<\/p>\r\n<p style=\"text-align: center;\"><a href=\"http:\/\/www.pirmojigimnazija.lt\/biblioteka\/wp-content\/uploads\/2023\/06\/image00013.jpeg\"><img loading=\"lazy\" decoding=\"async\" class=\"alignnone size-medium wp-image-3645\" src=\"http:\/\/www.pirmojigimnazija.lt\/biblioteka\/wp-content\/uploads\/2023\/06\/image00013-300x225.jpeg\" alt=\"\" width=\"300\" height=\"225\" srcset=\"https:\/\/www.pirmojigimnazija.lt\/biblioteka\/wp-content\/uploads\/2023\/06\/image00013-300x225.jpeg 300w, https:\/\/www.pirmojigimnazija.lt\/biblioteka\/wp-content\/uploads\/2023\/06\/image00013-1024x768.jpeg 1024w, https:\/\/www.pirmojigimnazija.lt\/biblioteka\/wp-content\/uploads\/2023\/06\/image00013-768x576.jpeg 768w, https:\/\/www.pirmojigimnazija.lt\/biblioteka\/wp-content\/uploads\/2023\/06\/image00013-1536x1152.jpeg 1536w, https:\/\/www.pirmojigimnazija.lt\/biblioteka\/wp-content\/uploads\/2023\/06\/image00013.jpeg 1920w\" sizes=\"(max-width: 300px) 100vw, 300px\" \/><\/a><\/p>\r\n<p>&nbsp;<\/p>\r\n<p style=\"text-align: center;\"><strong>\u00a0Kvie\u010diame pasi\u017ei\u016br\u0117ti virtuali\u0105 miniati\u016br\u0173 parod\u0105<\/strong><\/p>\r\n<p><iframe loading=\"lazy\" title=\"Miniati\u016br\u0173 konkursas-paroda &quot;M\u016bsu vienas vardas - Lietuva&quot;.\" width=\"720\" height=\"405\" src=\"https:\/\/www.youtube.com\/embed\/C1xAgr2TMGM?feature=oembed\" frameborder=\"0\" allow=\"accelerometer; autoplay; clipboard-write; encrypted-media; gyroscope; picture-in-picture; web-share\" referrerpolicy=\"strict-origin-when-cross-origin\" allowfullscreen><\/iframe><\/p>\r\n<p>Respublikinio bendrojo ugdymo \u012fstaig\u0173 9 &#8211; 12 klasi\u0173 mokini\u0173 miniati\u016br\u0173 konkurso-parodos \u201eM\u016bs\u0173 vienas vardas &#8211; Lietuva\u201c, skirto Klaip\u0117dos kra\u0161to prijungimo \u0161imtme\u010diui pamin\u0117ti, baigiam\u0105j\u012f apdovanojim\u0173 renginys, kurio organizator\u0117 \u2013 \u0160ilut\u0117s pirmoji gimnazija, konkurso iniciator\u0117s ir organizator\u0117s: \u0160ilut\u0117s pirmosios gimnazijos bibliotekinink\u0117 Laima Jablonskyt\u0117 ir \u0160ilut\u0117s pirmosios gimnazijos\u00a0 dail\u0117s\u00a0 mokytoja J\u016brat\u0117 Leonien\u0117, partneriai &#8211; \u0160ilut\u0117s rajono \u0161vietimo pagalbos tarnyba ir metodinink\u0117 Nijol\u0117 Rimkuvien\u0117<\/p>\r\n<p>\u00a0\u0160is konkursas \u201eM\u016bs\u0173 vienas vardas &#8211; Lietuva\u201c- skirtas Klaip\u0117dos kra\u0161to prijungimo \u0161imtme\u010diui pamin\u0117ti. Miniati\u016br\u0173 autoriai 9-12 kl. mokiniai ma\u017eo formato k\u016brin\u0117lyje siek\u0117 i\u0161reik\u0161ti savo po\u017ei\u016br\u012f \u012f gimt\u0105j\u012f kra\u0161t\u0105.<\/p>\r\n<p>Tikslas &#8211; ugdyti\u00a0 jaun\u0173 \u017emoni\u0173 pilieti\u0161kum\u0105 ir k\u016brybi\u0161kum\u0105, skatinti moksleivius ir mokytojus tapti savo kra\u0161to patriotais; skatinti mokytoj\u0173 ir mokini\u0173 k\u016brybin\u012f bendradarbiavim\u0105, populiarinti j\u0173 pasiekimus respublikos bendruomen\u0117je.<\/p>\r\n<p>Miniati\u016br\u0173 konkurse dalyvavo 11 mokykl\u0173 (pateikta 100 darb\u0173) \u2013<\/p>\r\n<p><strong>Geriausias, labiausiai atitinkan\u010dias konkurso tem\u0105, miniati\u016bras rinko komisija:<\/strong><\/p>\r\n<p>\u017divil\u0117 Skirkevi\u010dien\u0117 \u0160ilut\u0117s meno mokyklos dail\u0117s mokytoja metodinink\u0117<\/p>\r\n<p>\u00a0Neda Jencien\u0117\u00a0 \u0160ilut\u0117s meno mokyklos dail\u0117s mokytoja,<\/p>\r\n<p>\u00a0R\u016bta Emigart \u010ciu\u017eelien\u0117\u00a0 tautodailinink\u0117,<\/p>\r\n<p>\u00a0Algirdas Ge\u010das \u0160ilut\u0117s pirmosios gimnazijos istorijos mokytojas\u00a0\u00a0 ekspertas.<\/p>\r\n<p><strong>\u017di\u016brovai labiausiai patikusias miniati\u016bras vertino virtualiu balsavimu.<\/strong><\/p>\r\n<p>Kiekvienoje am\u017eiaus grup\u0117je komisija ir \u017ei\u016brovai i\u0161rinko po tris labiausiai patikusias miniati\u016bras.<\/p>\r\n<p>Kadangi prizini\u0173 viet\u0173 yra tik trys, o puiki\u0173 miniati\u016br\u0173 labai daug, buvo \u012fsteigta ir priz\u0173 u\u017e meni\u0161kum\u0105, technikos panaudojim\u0105 ir istorinio konteksto atskleidim\u0105.<\/p>\r\n<p><a href=\"http:\/\/www.pirmojigimnazija.lt\/biblioteka\/wp-content\/uploads\/2023\/06\/image00064-1.jpeg\"><img loading=\"lazy\" decoding=\"async\" class=\"wp-image-3642 aligncenter\" src=\"http:\/\/www.pirmojigimnazija.lt\/biblioteka\/wp-content\/uploads\/2023\/06\/image00064-1-300x186.jpeg\" alt=\"\" width=\"402\" height=\"249\" srcset=\"https:\/\/www.pirmojigimnazija.lt\/biblioteka\/wp-content\/uploads\/2023\/06\/image00064-1-300x186.jpeg 300w, https:\/\/www.pirmojigimnazija.lt\/biblioteka\/wp-content\/uploads\/2023\/06\/image00064-1-1024x635.jpeg 1024w, https:\/\/www.pirmojigimnazija.lt\/biblioteka\/wp-content\/uploads\/2023\/06\/image00064-1-768x476.jpeg 768w, https:\/\/www.pirmojigimnazija.lt\/biblioteka\/wp-content\/uploads\/2023\/06\/image00064-1-1536x953.jpeg 1536w, https:\/\/www.pirmojigimnazija.lt\/biblioteka\/wp-content\/uploads\/2023\/06\/image00064-1.jpeg 1920w\" sizes=\"(max-width: 402px) 100vw, 402px\" \/><\/a><\/p>\r\n<p><strong>I am\u017eiaus grup\u0117<\/strong><\/p>\r\n<p>Konkurse dalyvauja 61 miniati\u016bra<\/p>\r\n<p><strong><em>Komisija:<\/em><\/strong><\/p>\r\n<p><strong>1 vieta<\/strong>\u00a0\u00a0 Ugn\u0117 Me\u0161kelevi\u010di\u016bt\u0117\u00a0 Kretingos r. Vydmant\u0173 gimnazija<\/p>\r\n<p><strong>2 vieta<\/strong>\u00a0\u00a0\u00a0 Jor\u016bn\u0117 Mileryt\u0117\u00a0\u00a0 \u0160ilut\u0117s raj. \u017dem.Naumies\u010dio gimnazija<\/p>\r\n<p><strong>3 vieta<\/strong>\u00a0\u00a0 Vesta Skurdelyt\u0117\u00a0 \u0160ilut\u0117s raj. Vainuto gimnazija<\/p>\r\n<p><strong><em>\u017di\u016brov\u0173:<\/em><\/strong><\/p>\r\n<p><strong>1vieta<\/strong><strong>\u00a0\u00a0<\/strong>Monika \u010ciapait\u0117\u00a0\u00a0 Taurag\u0117s \u201cVersm\u0117s\u201dgimnazija<\/p>\r\n<p><strong>2 vieta ir u\u017e technikos panaudojim\u0105:<\/strong>\u00a0Neringa \u010civinskait\u0117\u00a0\u00a0 \u0160ilal\u0117s meno mokykla<\/p>\r\n<p><strong>3 vieta<\/strong><strong>\u00a0\u00a0<\/strong>Nora Povilaityt\u0117\u00a0\u00a0\u00a0 Taurag\u0117s \u201cVersm\u0117s\u201dgimnazija<\/p>\r\n<p><strong><em>U\u017e menin\u0119 rai\u0161k\u0105:<\/em><\/strong><\/p>\r\n<p>Eva \u010ciu\u017eauskait\u0117\u00a0 \u0160ilut\u0117s raj. \u017dem. Naumies\u010dio gimnazija<\/p>\r\n<p>Ieva Avi\u017ei\u016bt\u0117\u00a0 \u0160ilut\u0117s M.Jankaus pagrindin\u0117 mokykla<\/p>\r\n<p>Elz\u0117 Au\u0161kalnyt\u0117\u00a0\u00a0 \u0160ilut\u0117s raj. \u017dem.Naumies\u010dio gimnazija<\/p>\r\n<p>Inesa Kisel\u00a0\u00a0 \u0160ilut\u0117s M.Jankaus pagrindin\u0117 mokykla<\/p>\r\n<p>Daniel\u0117 Matulevi\u010di\u016bt\u0117 \u0160ilut\u0117s pirmoji gimnazija<\/p>\r\n<p>Amanda Preik\u0161aityt\u0117\u00a0\u00a0 \u0160ilut\u0117s raj. \u017dem.Naumies\u010dio gimnazija<\/p>\r\n<p>Kamil\u0117 Tarnapavi\u010di\u016bt\u0117\u00a0 \u0160ilut\u0117s pirmoji gimnazija<\/p>\r\n<p><strong><em>U\u017e menin\u0119 rai\u0161k\u0105 ir istorinio konteksto atskleidim\u0105:<\/em><\/strong><\/p>\r\n<p>\u00a0Gabriel\u0117 Pilibavi\u010di\u016bt\u0117\u00a0\u00a0 \u0160ilut\u0117s raj. Vainuto gimnazija<\/p>\r\n<p><strong><em>U\u017e istorinio konteksto atskleidim\u0105:<\/em><\/strong><\/p>\r\n<p>Laura Buikyt\u0117 Taurag\u0117s Versm\u0117s gimnazija<\/p>\r\n<p><strong>II am\u017eiaus grup\u0117<\/strong><\/p>\r\n<p>Konkurse dalyvauja 39 miniati\u016bros<\/p>\r\n<p><strong><em>Komisija:<\/em><\/strong><\/p>\r\n<p><strong>1 vieta<\/strong>\u00a0 Vakar\u0117 Tunaityt\u0117\u00a0 \u0160ilut\u0117s Vyd\u016bno gimnazija<\/p>\r\n<p><strong>2 vieta<\/strong>\u00a0 Dovydas Paulius Pro\u0161egalavi\u010dius\u00a0\u00a0 \u0160ilut\u0117s raj. Vainuto gimnazija<\/p>\r\n<p><strong>Komisijos ir \u017ei\u016brovai \u012fvertino :<\/strong><\/p>\r\n<p><strong>(komisija ) 3 vieta,<\/strong>\u00a0(\u00a0<strong>\u017ei\u016brov\u0173 )2<\/strong>\u00a0vieta ir prizas u\u017e menin\u0119 rai\u0161k\u0105 ir istorinio konteksto atskleidim\u0105\u00a0<strong>Rusn\u0117 Tverijonait\u0117<\/strong>\u00a0\u0160ilut\u0117s pirmoji gimnazija<\/p>\r\n<p><strong><em>\u017di\u016brov\u0173:<\/em><\/strong><\/p>\r\n<p><strong>1vieta<\/strong><strong>\u00a0\u00a0<\/strong>\u00a0Agn\u0117 Kutkait\u0117\u00a0 Pag\u0117gi\u0173 Algimanto Mackaus gimnazija<\/p>\r\n<p><strong>3 vieta<\/strong><strong>\u00a0ir u\u017e menin\u0119 rai\u0161k\u0105\u00a0\u00a0<\/strong>Edvina Bim\u0161ait\u0117\u00a0 \u0160ilut\u0117s pirmoji gimnazija<\/p>\r\n<p><strong><em>U\u017e technikos panaudojim\u0105:<\/em><\/strong><\/p>\r\n<p>Emilija Romankevi\u010di\u016bt\u0117 \u0160ilut\u0117s pirmoji gimnazija<\/p>\r\n<p><strong><em>U\u017e menin\u0119 rai\u0161k\u0105:<\/em><\/strong><\/p>\r\n<p>Titas Simonavi\u010dius\u00a0 \u0160ilut\u0117s pirmoji gimnazija<\/p>\r\n<p>Edvinas Baltutis\u00a0\u00a0 \u0160ilut\u0117s raj.\u00a0 \u017dem.Naumies\u010dio gimnazija<\/p>\r\n<p>Izabel\u0117 \u0160ima\u0161i\u016bt\u0117\u00a0 \u0160ilut\u0117s pirmoji gimnazija<\/p>\r\n<p>Eva Vali\u016bt\u0117\u00a0 \u0160ilut\u0117s Vyd\u016bno gimnazija<\/p>\r\n<p><strong><em>U\u017e istorinio konteksto atskleidim\u0105 :<\/em><\/strong><\/p>\r\n<p>Milda Vermonait\u0117 \u0160ilut\u0117s Vyd\u016bno gimnazija<\/p>\r\n<p>\u00a0Po renginio nuolatin\u0117 miniati\u016br\u0173 paroda liks \u0160ilut\u0117s pirmojoje gimnazijoje ir d\u017eiugins visus daug met\u0173.<\/p>\r\n<p>&nbsp;<\/p>\r\n<p><a href=\"http:\/\/www.pirmojigimnazija.lt\/biblioteka\/wp-content\/uploads\/2024\/03\/20240327_161013-1.jpg\"><img loading=\"lazy\" decoding=\"async\" class=\"alignnone wp-image-4256 size-large\" src=\"http:\/\/www.pirmojigimnazija.lt\/biblioteka\/wp-content\/uploads\/2024\/03\/20240327_161013-1-1024x587.jpg\" alt=\"\" width=\"720\" height=\"413\" srcset=\"https:\/\/www.pirmojigimnazija.lt\/biblioteka\/wp-content\/uploads\/2024\/03\/20240327_161013-1-1024x587.jpg 1024w, https:\/\/www.pirmojigimnazija.lt\/biblioteka\/wp-content\/uploads\/2024\/03\/20240327_161013-1-300x172.jpg 300w, https:\/\/www.pirmojigimnazija.lt\/biblioteka\/wp-content\/uploads\/2024\/03\/20240327_161013-1-768x440.jpg 768w, https:\/\/www.pirmojigimnazija.lt\/biblioteka\/wp-content\/uploads\/2024\/03\/20240327_161013-1-1536x880.jpg 1536w, https:\/\/www.pirmojigimnazija.lt\/biblioteka\/wp-content\/uploads\/2024\/03\/20240327_161013-1.jpg 1920w\" sizes=\"(max-width: 720px) 100vw, 720px\" \/><\/a><\/p>\r\n<p>A\u010di\u016b dalyviams, sve\u010diams, reng\u0117jams.<\/p>\r\n<p>&nbsp;<\/p>\r\n<p>Iki kit\u0173 miel\u0173 susitikim\u0173.<\/p>\r\n<p>&nbsp;<\/p>\r\n<p>&nbsp;<\/p>\r\n<p>&nbsp;<\/p>\r\n<p>&nbsp;<\/p>\r\n<p>&nbsp;<\/p>\r\n\r\n\r\n","protected":false},"excerpt":{"rendered":"<p>Bir\u017eelio 2 d. gimnazijos bibliotekoje \u012fvyko respublikinio miniati\u016br\u0173 konkurso- parodos &#8222;M\u016bs\u0173 vienas vardas &#8211; Lietuva&#8221; baigiamasis apdovanojim\u0173 renginys.\u00a0 Sulauk\u0117me sve\u010di\u0173 i\u0161 \u0160ilal\u0117s, Taurag\u0117s, Kretingos raj. ir \u0160ilut\u0117s sav. mokykl\u0173. Renginio akimirkos\u00a0 &nbsp; \u00a0 &nbsp; \u00a0Kvie\u010diame pasi\u017ei\u016br\u0117ti virtuali\u0105 miniati\u016br\u0173 parod\u0105 Respublikinio<\/p>\n","protected":false},"author":2,"featured_media":0,"comment_status":"closed","ping_status":"closed","sticky":false,"template":"","format":"image","meta":{"ngg_post_thumbnail":0,"footnotes":""},"categories":[11],"tags":[],"_links":{"self":[{"href":"https:\/\/www.pirmojigimnazija.lt\/biblioteka\/index.php\/wp-json\/wp\/v2\/posts\/3634"}],"collection":[{"href":"https:\/\/www.pirmojigimnazija.lt\/biblioteka\/index.php\/wp-json\/wp\/v2\/posts"}],"about":[{"href":"https:\/\/www.pirmojigimnazija.lt\/biblioteka\/index.php\/wp-json\/wp\/v2\/types\/post"}],"author":[{"embeddable":true,"href":"https:\/\/www.pirmojigimnazija.lt\/biblioteka\/index.php\/wp-json\/wp\/v2\/users\/2"}],"replies":[{"embeddable":true,"href":"https:\/\/www.pirmojigimnazija.lt\/biblioteka\/index.php\/wp-json\/wp\/v2\/comments?post=3634"}],"version-history":[{"count":13,"href":"https:\/\/www.pirmojigimnazija.lt\/biblioteka\/index.php\/wp-json\/wp\/v2\/posts\/3634\/revisions"}],"predecessor-version":[{"id":4265,"href":"https:\/\/www.pirmojigimnazija.lt\/biblioteka\/index.php\/wp-json\/wp\/v2\/posts\/3634\/revisions\/4265"}],"wp:attachment":[{"href":"https:\/\/www.pirmojigimnazija.lt\/biblioteka\/index.php\/wp-json\/wp\/v2\/media?parent=3634"}],"wp:term":[{"taxonomy":"category","embeddable":true,"href":"https:\/\/www.pirmojigimnazija.lt\/biblioteka\/index.php\/wp-json\/wp\/v2\/categories?post=3634"},{"taxonomy":"post_tag","embeddable":true,"href":"https:\/\/www.pirmojigimnazija.lt\/biblioteka\/index.php\/wp-json\/wp\/v2\/tags?post=3634"}],"curies":[{"name":"wp","href":"https:\/\/api.w.org\/{rel}","templated":true}]}}