{"id":3500,"date":"2023-03-13T05:00:45","date_gmt":"2023-03-13T07:00:45","guid":{"rendered":"http:\/\/www.pirmojigimnazija.lt\/biblioteka\/?p=3500"},"modified":"2023-11-28T06:34:20","modified_gmt":"2023-11-28T08:34:20","slug":"literaturine-paroda-vydunui-155","status":"publish","type":"post","link":"http:\/\/www.pirmojigimnazija.lt\/biblioteka\/index.php\/2023\/03\/13\/literaturine-paroda-vydunui-155\/","title":{"rendered":"Literat\u016brin\u0117 paroda &#8211; Vyd\u016bnui 155"},"content":{"rendered":"\n\n\n<p><em><span style=\"color: #0000ff;\"><strong>Literat\u016brin\u0117 paroda<\/strong>, skirta <strong>VYD\u016aNO 155<\/strong> gimimo metin\u0117ms<\/span><\/em><\/p>\n<p>\u00a0\u00a0\u00a0\u00a0 \u0160i\u0173 met\u0173 kovo m\u0117n. 22 dien\u0105 sukanka 155 metai, kai gim\u0117, o vasario m\u0117n. 20 d. 70 m., kai mir\u0117 filosofas, dramaturgas Vyd\u016bnas. Turb\u016bt daugelis esate gird\u0117j\u0119 jo prasming\u0105 mint\u012f, jog ,,Reikia i\u0161mokti nuolat gyventi dvasios, o ne materijos \u0161alyje\u201c arba gars\u0173 \u0161\u016bk\u012f: ,,Patsai sau b\u016bk \u0161viesuliu!\u201c Kvie\u010diame pla\u010diau pasidom\u0117ti apie \u0161\u012f \u017emog\u0173 ir pamatyti bei pavartyti jo sukurt\u0173 knyg\u0173 \u0160ilut\u0117s pirmosios gimnazijos bibliotekoje, kur parengta literat\u016brin\u0117 paroda, skirta m\u016bs\u0173 kra\u0161tie\u010dio jubiliejui.<\/p>\n<p style=\"text-align: center;\"><a href=\"http:\/\/www.pirmojigimnazija.lt\/biblioteka\/wp-content\/uploads\/2023\/03\/20230313_084750.jpg\"><img loading=\"lazy\" decoding=\"async\" class=\"alignnone size-medium wp-image-3501\" src=\"http:\/\/www.pirmojigimnazija.lt\/biblioteka\/wp-content\/uploads\/2023\/03\/20230313_084750-253x300.jpg\" alt=\"\" width=\"253\" height=\"300\" srcset=\"http:\/\/www.pirmojigimnazija.lt\/biblioteka\/wp-content\/uploads\/2023\/03\/20230313_084750-253x300.jpg 253w, http:\/\/www.pirmojigimnazija.lt\/biblioteka\/wp-content\/uploads\/2023\/03\/20230313_084750.jpg 480w\" sizes=\"(max-width: 253px) 100vw, 253px\" \/><\/a><\/p>\n<p><span style=\"color: #0000ff;\"><em><strong>Knyg\u0173 s\u0105ra\u0161as<\/strong><\/em><\/span><\/p>\n<p>Dramos \/ Vyd\u016bnas. &#8211; [2005]. &#8211; 171, [1] p. &#8211;\u00a0 (Mokinio skaitiniai)<\/p>\n<p>Iliustruota Vyd\u016bno gyvenimo ir k\u016brybos istorija \/ Lina Mickut\u0117. &#8211; [2018]. &#8211; 63, [1] p<\/p>\n<p>Mano T\u0117vyn\u0117 \/ Vyd\u016bnas. &#8211; 2-oji laida. &#8211; 1999. &#8211; 79 p., [3] atsk. iliustr. lap<\/p>\n<p>Mano vaikai skaitys Vyd\u016bn\u0105 \/ Metrikyt\u0117 R\u016bta ir kt. &#8211; 1998<\/p>\n<p>Nepa\u017e\u012fstamas Vyd\u016bnas \/ Pranas Antalkis. &#8211; 1991. &#8211; 271 p<\/p>\n<p>Nuo Ma\u017evydo iki Vyd\u016bno \/ sudar\u0117 Vytautas \u0160ilas. &#8211; 1998. &#8211; 227, [1] p<\/p>\n<p>Patsai sau b\u016bk \u0161viesuliu. &#8211; 2010<\/p>\n<p>Prad\u0117kime nuo klausimo \u201eKod\u0117l\u201c \/ Simon Sinek. &#8211; 2021. &#8211; 278, [2] p<\/p>\n<p>Ra\u0161tai \/ Vyd\u016bnas. T. 1 :\u00a0 \/ Vyd\u016bnas. &#8211; 1990. &#8211; 564 p., [1] portr. lap<\/p>\n<p>Ra\u0161tai \/ Vyd\u016bnas. T. 2 :\u00a0 \/ Vyd\u016bnas. &#8211; 1991. &#8211; 495 p., [1] portr. lap<\/p>\n<p>Ra\u0161tai \/ Vyd\u016bnas. T. 3 :\u00a0 \/ Vyd\u016bnas. &#8211; 1992. &#8211; 503 p., [1] portr. lap<\/p>\n<p>S\u0105mon\u0117 \/ Vyd\u016bnas. &#8211; 2013. &#8211; 333, [2] p<\/p>\n<p>Sugr\u012f\u017eti prie Vyd\u016bno \/ Vacys Bagdonavi\u010dius. &#8211; 2001. &#8211; 525, [2] p<\/p>\n<p>Sveikata, jaunumas, gro\u017e\u0117; Gimdymo sl\u0117piniai \/ Vyd\u016bnas. &#8211; 1991. &#8211; 219 p<\/p>\n<p>Visos Vyd\u016bno knygos \/ [pagal asmenin\u0119 kolekcij\u0105 sudar\u0117 ir pareng\u0117 Domas Kaunas]. &#8211; [2008]. &#8211; 53 p<\/p>\n<p>Vyd\u016bnas \/ Bernardas Aleknavi\u010dius. &#8211; 1999. &#8211; 407, [8] p<\/p>\n<p>Vyd\u016bnas lietuvi\u0173 kult\u016broje \/ Filosofijos. &#8211; 1994. &#8211; 301, [1] p., [1] portr. lap<\/p>\n<p>\u042f \u0432\u0435\u0440\u044e \u0432 \u0441\u0432\u044f\u0442\u043e\u0435 \u0442\u0430\u0438\u043d\u0441\u0442\u0432\u043e \/ \u0412\u0438\u0434\u0443\u043d\u0430\u0441. &#8211; 1994. &#8211; 468 p<\/p>\n","protected":false},"excerpt":{"rendered":"<p>Literat\u016brin\u0117 paroda, skirta VYD\u016aNO 155 gimimo metin\u0117ms \u00a0\u00a0\u00a0\u00a0 \u0160i\u0173 met\u0173 kovo m\u0117n. 22 dien\u0105 sukanka 155 metai, kai gim\u0117, o vasario m\u0117n. 20 d. 70 m., kai mir\u0117 filosofas, dramaturgas Vyd\u016bnas. Turb\u016bt daugelis esate gird\u0117j\u0119 jo prasming\u0105 mint\u012f, jog ,,Reikia<\/p>\n","protected":false},"author":2,"featured_media":0,"comment_status":"closed","ping_status":"closed","sticky":false,"template":"","format":"standard","meta":{"ngg_post_thumbnail":0,"footnotes":""},"categories":[17],"tags":[],"_links":{"self":[{"href":"http:\/\/www.pirmojigimnazija.lt\/biblioteka\/index.php\/wp-json\/wp\/v2\/posts\/3500"}],"collection":[{"href":"http:\/\/www.pirmojigimnazija.lt\/biblioteka\/index.php\/wp-json\/wp\/v2\/posts"}],"about":[{"href":"http:\/\/www.pirmojigimnazija.lt\/biblioteka\/index.php\/wp-json\/wp\/v2\/types\/post"}],"author":[{"embeddable":true,"href":"http:\/\/www.pirmojigimnazija.lt\/biblioteka\/index.php\/wp-json\/wp\/v2\/users\/2"}],"replies":[{"embeddable":true,"href":"http:\/\/www.pirmojigimnazija.lt\/biblioteka\/index.php\/wp-json\/wp\/v2\/comments?post=3500"}],"version-history":[{"count":1,"href":"http:\/\/www.pirmojigimnazija.lt\/biblioteka\/index.php\/wp-json\/wp\/v2\/posts\/3500\/revisions"}],"predecessor-version":[{"id":3502,"href":"http:\/\/www.pirmojigimnazija.lt\/biblioteka\/index.php\/wp-json\/wp\/v2\/posts\/3500\/revisions\/3502"}],"wp:attachment":[{"href":"http:\/\/www.pirmojigimnazija.lt\/biblioteka\/index.php\/wp-json\/wp\/v2\/media?parent=3500"}],"wp:term":[{"taxonomy":"category","embeddable":true,"href":"http:\/\/www.pirmojigimnazija.lt\/biblioteka\/index.php\/wp-json\/wp\/v2\/categories?post=3500"},{"taxonomy":"post_tag","embeddable":true,"href":"http:\/\/www.pirmojigimnazija.lt\/biblioteka\/index.php\/wp-json\/wp\/v2\/tags?post=3500"}],"curies":[{"name":"wp","href":"https:\/\/api.w.org\/{rel}","templated":true}]}}