{"id":1705,"date":"2019-02-25T11:17:54","date_gmt":"2019-02-25T13:17:54","guid":{"rendered":"http:\/\/www.pirmojigimnazija.lt\/biblioteka\/?p=1705"},"modified":"2024-01-29T07:49:33","modified_gmt":"2024-01-29T09:49:33","slug":"literaturine-paroda-zemaitijos-metais-apie-zemaitija","status":"publish","type":"post","link":"http:\/\/www.pirmojigimnazija.lt\/biblioteka\/index.php\/2019\/02\/25\/literaturine-paroda-zemaitijos-metais-apie-zemaitija\/","title":{"rendered":"Literat\u016brin\u0117 paroda- \u017demaitijos metais apie \u017demaitij\u0105"},"content":{"rendered":"<p style=\"text-align: center;\">Literat\u016brin\u0117 paroda &#8211; <strong>&#8222;\u017demaitijos metais apie \u017demaitij\u0105&#8221;<\/strong><\/p>\n<p style=\"text-align: center;\"><a href=\"http:\/\/www.pirmojigimnazija.lt\/biblioteka\/wp-content\/uploads\/2019\/02\/DSC_0325.jpg\"><img loading=\"lazy\" decoding=\"async\" class=\"alignnone wp-image-1706\" src=\"http:\/\/www.pirmojigimnazija.lt\/biblioteka\/wp-content\/uploads\/2019\/02\/DSC_0325-211x300.jpg\" alt=\"\" width=\"169\" height=\"239\" srcset=\"http:\/\/www.pirmojigimnazija.lt\/biblioteka\/wp-content\/uploads\/2019\/02\/DSC_0325-211x300.jpg 211w, http:\/\/www.pirmojigimnazija.lt\/biblioteka\/wp-content\/uploads\/2019\/02\/DSC_0325.jpg 451w\" sizes=\"(max-width: 169px) 100vw, 169px\" \/><\/a><\/p>\n<p>Apranga XVI-XVIII a. Lietuvoje \/ Marija Matu\u0161akait\u0117. &#8211; 2003. &#8211; 389, [2] p<\/p>\n<p>Barokas Lietuvoje \/ reng\u0117jai: Ar\u016bnas Sverdiolas (sudarytojas. &#8211; 1996. &#8211; 159 p. &#8211;&nbsp; (Baroko kelias Lietuvoje)<\/p>\n<p>B\u016bdas senov\u0117s lietuvi\u0173, kaln\u0117n\u0173 ir \u017eemai\u010di\u0173 \/ Simonas Daukantas. &#8211; 2-asis leid. &#8211; 1993. &#8211; 220, [3] p<\/p>\n<p>Holokaustas \u017demaitijoje \/ Aleksandras Vitkus. &#8211; 2016. &#8211; 487, [1] p<\/p>\n<p>Kar\u016bna \u017eal\u010di\u0173 karaliui \/ Edita Barauskien\u0117. &#8211; [2013]. &#8211; 524, [2] p<\/p>\n<p>Kry\u017ei\u0173 kalnas \/ Vilius Puronas. &#8211; 1991. &#8211; 47, [1] p<\/p>\n<p>Lietuvi\u0173 tautinis kostiumas \/ Teres\u0117 Jurkuvien\u0117. &#8211; 2-oji patais. laida. &#8211; 2008. &#8211; 246, [1] p<\/p>\n<p>Lietuvos etnografiniai regionai \/ [tekst\u0173 autoriai Rasa Berta\u0161i\u016bt\u0117. &#8211; [2015]. &#8211; 239, [1] p<\/p>\n<p>Pasiprie\u0161inimo istorija, 1944-1953 metai \/ Nijol\u0117 Ga\u0161kait\u0117. &#8211; 2-asis papild. leid. &#8211; 2006. &#8211; 325, [2] p<\/p>\n<p>Pasiprie\u0161inimo istorija, 1944-1953 metai \/ Nijol\u0117 Ga\u0161kait\u0117. &#8211; 2-asis papild. leid. &#8211; 2006. &#8211; 325, [2] p<\/p>\n<p>Rinktiniai ra\u0161tai \/ Kazys Saja. T. 1 : Dramos. &#8211; 1990. &#8211; 683, [2] p. ir [1] portr. lap<\/p>\n<p>Ryt\u0105 giedra \/ \u017demait\u0117. &#8211; 2005. &#8211; 541, [2] p. &#8211;&nbsp; (Lietuvi\u0173 literat\u016bros lobynas. XX am\u017eius)<\/p>\n<p>Senosios Lietuvos \u0161ventviet\u0117s \/ Vykintas Vaikevi\u010dius. &#8211; 1998. &#8211; 741, [3] p<\/p>\n<p>Skaitome tarmi\u0161kai [Garso \u012fra\u0161as] \/ sudar\u0117 Danguol\u0117 Mikul\u0117nien\u0117. &#8211; 2013. &#8211; 1 garso diskas (58 min., 03 sek<\/p>\n<p>Vaik\u0173 knygel\u0117 \/ Motiejus Valan\u010dius. &#8211; 1992. &#8211; 406, [1] p. &#8211;&nbsp; (Sakal\u0117lis)<\/p>\n<p>\u017demai\u010diai \/ Aleksandras Pakalni\u0161kis. &#8211; 1977. &#8211; 164, [1] p<\/p>\n<p>\u017demai\u010di\u0173 krik\u0161tas \/ Lietuvi\u0173 katalik\u0173 mokslo akademija. &#8211; 2013. &#8211; 239, [1] p<\/p>\n<p>\u017demai\u010di\u0173 lituanistai Vilniaus vyriausiojoje seminarijoje; Motiejus Valan\u010dius \/ Ieva \u0160enavi\u010dien\u0117. &#8211; 1998. &#8211; 254 p<\/p>\n<p>\u017demaitija \/ [knygel\u0119 sudar\u0117 A. Gel\u017einis]. &#8211; 1992. &#8211; 111 p<\/p>\n<p>\u017demaitijos istorija \/ Adomas Butrimas. &#8211; 1997. &#8211; 333, [2] p. &#8211;&nbsp; (\u0160vietimas Lietuvos atei\u010diai)<\/p>\n","protected":false},"excerpt":{"rendered":"<p>Literat\u016brin\u0117 paroda &#8211; &#8222;\u017demaitijos metais apie \u017demaitij\u0105&#8221; Apranga XVI-XVIII a. Lietuvoje \/ Marija Matu\u0161akait\u0117. &#8211; 2003. &#8211; 389, [2] p Barokas Lietuvoje \/ reng\u0117jai: Ar\u016bnas Sverdiolas (sudarytojas. &#8211; 1996. &#8211; 159 p. &#8211;&nbsp; (Baroko kelias Lietuvoje) B\u016bdas senov\u0117s lietuvi\u0173, kaln\u0117n\u0173<\/p>\n","protected":false},"author":2,"featured_media":0,"comment_status":"closed","ping_status":"closed","sticky":false,"template":"","format":"standard","meta":{"ngg_post_thumbnail":0,"footnotes":""},"categories":[17],"tags":[],"_links":{"self":[{"href":"http:\/\/www.pirmojigimnazija.lt\/biblioteka\/index.php\/wp-json\/wp\/v2\/posts\/1705"}],"collection":[{"href":"http:\/\/www.pirmojigimnazija.lt\/biblioteka\/index.php\/wp-json\/wp\/v2\/posts"}],"about":[{"href":"http:\/\/www.pirmojigimnazija.lt\/biblioteka\/index.php\/wp-json\/wp\/v2\/types\/post"}],"author":[{"embeddable":true,"href":"http:\/\/www.pirmojigimnazija.lt\/biblioteka\/index.php\/wp-json\/wp\/v2\/users\/2"}],"replies":[{"embeddable":true,"href":"http:\/\/www.pirmojigimnazija.lt\/biblioteka\/index.php\/wp-json\/wp\/v2\/comments?post=1705"}],"version-history":[{"count":5,"href":"http:\/\/www.pirmojigimnazija.lt\/biblioteka\/index.php\/wp-json\/wp\/v2\/posts\/1705\/revisions"}],"predecessor-version":[{"id":4111,"href":"http:\/\/www.pirmojigimnazija.lt\/biblioteka\/index.php\/wp-json\/wp\/v2\/posts\/1705\/revisions\/4111"}],"wp:attachment":[{"href":"http:\/\/www.pirmojigimnazija.lt\/biblioteka\/index.php\/wp-json\/wp\/v2\/media?parent=1705"}],"wp:term":[{"taxonomy":"category","embeddable":true,"href":"http:\/\/www.pirmojigimnazija.lt\/biblioteka\/index.php\/wp-json\/wp\/v2\/categories?post=1705"},{"taxonomy":"post_tag","embeddable":true,"href":"http:\/\/www.pirmojigimnazija.lt\/biblioteka\/index.php\/wp-json\/wp\/v2\/tags?post=1705"}],"curies":[{"name":"wp","href":"https:\/\/api.w.org\/{rel}","templated":true}]}}