{"id":1332,"date":"2018-05-09T06:44:04","date_gmt":"2018-05-09T08:44:04","guid":{"rendered":"http:\/\/www.pirmojigimnazija.lt\/biblioteka\/?p=1332"},"modified":"2023-11-27T07:12:34","modified_gmt":"2023-11-27T09:12:34","slug":"ievos-jankauskaites-iva-kurybiniu-darbu-paroda","status":"publish","type":"post","link":"http:\/\/www.pirmojigimnazija.lt\/biblioteka\/index.php\/2018\/05\/09\/ievos-jankauskaites-iva-kurybiniu-darbu-paroda\/","title":{"rendered":"Ievos Jankauskait\u0117s IVa k\u016brybini\u0173 darb\u0173 paroda"},"content":{"rendered":"<p style=\"text-align: center;\">Gimnazijos bibliotekoje 2018 05 09<\/p>\n<p style=\"text-align: center;\">eksponuojama gimnazist\u0117\u00a0 <strong>Ievos Jankauskait\u0117s<\/strong>\u00a0 IVa<\/p>\n<p style=\"text-align: center;\">k\u016brybini\u0173 darb\u0173 paroda<\/p>\n<p style=\"text-align: center;\">parodos pristatymas \u012fvyks 15 d. ( antradien\u012f ) per 6 pamok\u0105.<\/p>\n<p style=\"text-align: center;\"><a href=\"http:\/\/www.pirmojigimnazija.lt\/biblioteka\/wp-content\/uploads\/2018\/05\/20180509_102905_HDR.jpg\"><img loading=\"lazy\" decoding=\"async\" class=\"alignnone size-medium wp-image-1334\" src=\"http:\/\/www.pirmojigimnazija.lt\/biblioteka\/wp-content\/uploads\/2018\/05\/20180509_102905_HDR-216x300.jpg\" alt=\"\" width=\"216\" height=\"300\" srcset=\"http:\/\/www.pirmojigimnazija.lt\/biblioteka\/wp-content\/uploads\/2018\/05\/20180509_102905_HDR-216x300.jpg 216w, http:\/\/www.pirmojigimnazija.lt\/biblioteka\/wp-content\/uploads\/2018\/05\/20180509_102905_HDR.jpg 461w\" sizes=\"(max-width: 216px) 100vw, 216px\" \/><\/a> <a href=\"http:\/\/www.pirmojigimnazija.lt\/biblioteka\/wp-content\/uploads\/2018\/05\/20180509_110222_HDR.jpg\"><img loading=\"lazy\" decoding=\"async\" class=\"alignnone size-medium wp-image-1335\" src=\"http:\/\/www.pirmojigimnazija.lt\/biblioteka\/wp-content\/uploads\/2018\/05\/20180509_110222_HDR-207x300.jpg\" alt=\"\" width=\"207\" height=\"300\" srcset=\"http:\/\/www.pirmojigimnazija.lt\/biblioteka\/wp-content\/uploads\/2018\/05\/20180509_110222_HDR-207x300.jpg 207w, http:\/\/www.pirmojigimnazija.lt\/biblioteka\/wp-content\/uploads\/2018\/05\/20180509_110222_HDR.jpg 441w\" sizes=\"(max-width: 207px) 100vw, 207px\" \/><\/a><\/p>\n<p style=\"text-align: center;\"><a href=\"https:\/\/photos.app.goo.gl\/twZU91bTrN2NdUNs7\">Vis\u0105 parod\u0105 galite pamatyti \u010dia<\/a><\/p>\n","protected":false},"excerpt":{"rendered":"<p>Gimnazijos bibliotekoje 2018 05 09 eksponuojama gimnazist\u0117\u00a0 Ievos Jankauskait\u0117s\u00a0 IVa k\u016brybini\u0173 darb\u0173 paroda parodos pristatymas \u012fvyks 15 d. ( antradien\u012f ) per 6 pamok\u0105. Vis\u0105 parod\u0105 galite pamatyti \u010dia<\/p>\n","protected":false},"author":2,"featured_media":0,"comment_status":"open","ping_status":"closed","sticky":false,"template":"","format":"standard","meta":{"ngg_post_thumbnail":0,"footnotes":""},"categories":[16],"tags":[],"_links":{"self":[{"href":"http:\/\/www.pirmojigimnazija.lt\/biblioteka\/index.php\/wp-json\/wp\/v2\/posts\/1332"}],"collection":[{"href":"http:\/\/www.pirmojigimnazija.lt\/biblioteka\/index.php\/wp-json\/wp\/v2\/posts"}],"about":[{"href":"http:\/\/www.pirmojigimnazija.lt\/biblioteka\/index.php\/wp-json\/wp\/v2\/types\/post"}],"author":[{"embeddable":true,"href":"http:\/\/www.pirmojigimnazija.lt\/biblioteka\/index.php\/wp-json\/wp\/v2\/users\/2"}],"replies":[{"embeddable":true,"href":"http:\/\/www.pirmojigimnazija.lt\/biblioteka\/index.php\/wp-json\/wp\/v2\/comments?post=1332"}],"version-history":[{"count":4,"href":"http:\/\/www.pirmojigimnazija.lt\/biblioteka\/index.php\/wp-json\/wp\/v2\/posts\/1332\/revisions"}],"predecessor-version":[{"id":3935,"href":"http:\/\/www.pirmojigimnazija.lt\/biblioteka\/index.php\/wp-json\/wp\/v2\/posts\/1332\/revisions\/3935"}],"wp:attachment":[{"href":"http:\/\/www.pirmojigimnazija.lt\/biblioteka\/index.php\/wp-json\/wp\/v2\/media?parent=1332"}],"wp:term":[{"taxonomy":"category","embeddable":true,"href":"http:\/\/www.pirmojigimnazija.lt\/biblioteka\/index.php\/wp-json\/wp\/v2\/categories?post=1332"},{"taxonomy":"post_tag","embeddable":true,"href":"http:\/\/www.pirmojigimnazija.lt\/biblioteka\/index.php\/wp-json\/wp\/v2\/tags?post=1332"}],"curies":[{"name":"wp","href":"https:\/\/api.w.org\/{rel}","templated":true}]}}