{"id":1249,"date":"2018-04-19T05:27:32","date_gmt":"2018-04-19T07:27:32","guid":{"rendered":"http:\/\/www.pirmojigimnazija.lt\/biblioteka\/?p=1249"},"modified":"2023-11-27T07:14:49","modified_gmt":"2023-11-27T09:14:49","slug":"1249","status":"publish","type":"post","link":"http:\/\/www.pirmojigimnazija.lt\/biblioteka\/index.php\/2018\/04\/19\/1249\/","title":{"rendered":"Vilhelmui Storostai Vyd\u016bnui &#8211; 150"},"content":{"rendered":"<p style=\"text-align: center;\">\u00a0Literat\u016brin\u0117 paroda <strong>&#8221; Vilhelmui Storostai Vyd\u016bnui &#8211;\u00a0 150&#8243;<\/strong><\/p>\n<p style=\"text-align: center;\"><a href=\"http:\/\/www.pirmojigimnazija.lt\/biblioteka\/wp-content\/uploads\/2016\/03\/20180418_145609_HDR.jpg\"><img loading=\"lazy\" decoding=\"async\" class=\"alignnone size-medium wp-image-1247\" src=\"http:\/\/www.pirmojigimnazija.lt\/biblioteka\/wp-content\/uploads\/2016\/03\/20180418_145609_HDR-183x300.jpg\" alt=\"\" width=\"183\" height=\"300\" srcset=\"http:\/\/www.pirmojigimnazija.lt\/biblioteka\/wp-content\/uploads\/2016\/03\/20180418_145609_HDR-183x300.jpg 183w, http:\/\/www.pirmojigimnazija.lt\/biblioteka\/wp-content\/uploads\/2016\/03\/20180418_145609_HDR.jpg 390w\" sizes=\"(max-width: 183px) 100vw, 183px\" \/><\/a><\/p>\n<p>Dramos \/ Vyd\u016bnas. &#8211; [2005]. &#8211; 171, [1] p. &#8211;\u00a0 (Mokinio skaitiniai)<\/p>\n<p>Lietuvos filosofin\u0117 mintis \/ sudar\u0117 ir pareng\u0117 Gediminas Mikelaitis. &#8211; 1996. &#8211; 434, [1] p.<\/p>\n<p>Mano T\u0117vyn\u0117 \/ Vyd\u016bnas. &#8211; 2-oji laida. &#8211; 1999. &#8211; 79 p., [3] atsk. iliustr. lap<\/p>\n<p>Nepa\u017e\u012fstamas Vyd\u016bnas \/ Pranas Antalkis. &#8211; 1991. &#8211; 271 p<\/p>\n<p>Nuo Ma\u017evydo iki Vyd\u016bno \/ sudar\u0117 Vytautas \u0160ilas. &#8211; 1998. &#8211; 227, [1] p<\/p>\n<p>Patsai sau b\u016bk \u0161viesuliu. &#8211; 2010<\/p>\n<p>Ra\u0161tai \/ Vyd\u016bnas. T. 1. &#8211; 1990. &#8211; 564 p., [1] portr. lap<\/p>\n<p>Ra\u0161tai \/ Vyd\u016bnas. T. 2. &#8211; 1991. &#8211; 495 p., [1] portr. lap<\/p>\n<p>Ra\u0161tai \/ Vyd\u016bnas. T. 3. &#8211; 1992. &#8211; 503 p., [1] portr. lap<\/p>\n<p>S\u0105mon\u0117 \/ Vyd\u016bnas. &#8211; 2013. &#8211; 333, [2] p<\/p>\n<p>Sugr\u012f\u017eti prie Vyd\u016bno \/ Vacys Bagdonavi\u010dius. &#8211; 2001. &#8211; 525, [2] p<\/p>\n<p>Sveikata, jaunumas, gro\u017e\u0117; Gimdymo sl\u0117piniai \/ Vyd\u016bnas. &#8211; 1991. &#8211; 219 p<\/p>\n<p>Visos Vyd\u016bno knygos \/ [pagal asmenin\u0119 kolekcij\u0105 sudar\u0117 ir pareng\u0117 Domas Kaunas]. &#8211; [2008]. &#8211; 53 p<\/p>\n<p>Vyd\u016bnas \/ Bernardas Aleknavi\u010dius. &#8211; 1999. &#8211; 407, [8] p<\/p>\n<p>Vyd\u016bnas \/ Vacys Bagdonavi\u010dius. &#8211; 2-asis leid. &#8211; 2008. &#8211; 63, [1] p<\/p>\n<p>Vyd\u016bnas lietuvi\u0173 kult\u016broje \/ Filosofijos. &#8211; 1994. &#8211; 301, [1] p., [1] portr. lap<\/p>\n<p>Vyd\u016bnas lietuvi\u0173 kult\u016broje \/ Filosofijos. &#8211; 1994. &#8211; 301, [1] p., [1] portr. lap<\/p>\n","protected":false},"excerpt":{"rendered":"<p>\u00a0Literat\u016brin\u0117 paroda &#8221; Vilhelmui Storostai Vyd\u016bnui &#8211;\u00a0 150&#8243; Dramos \/ Vyd\u016bnas. &#8211; [2005]. &#8211; 171, [1] p. &#8211;\u00a0 (Mokinio skaitiniai) Lietuvos filosofin\u0117 mintis \/ sudar\u0117 ir pareng\u0117 Gediminas Mikelaitis. &#8211; 1996. &#8211; 434, [1] p. Mano T\u0117vyn\u0117 \/ Vyd\u016bnas. &#8211;<\/p>\n","protected":false},"author":2,"featured_media":0,"comment_status":"open","ping_status":"closed","sticky":false,"template":"","format":"standard","meta":{"ngg_post_thumbnail":0,"footnotes":""},"categories":[17],"tags":[],"_links":{"self":[{"href":"http:\/\/www.pirmojigimnazija.lt\/biblioteka\/index.php\/wp-json\/wp\/v2\/posts\/1249"}],"collection":[{"href":"http:\/\/www.pirmojigimnazija.lt\/biblioteka\/index.php\/wp-json\/wp\/v2\/posts"}],"about":[{"href":"http:\/\/www.pirmojigimnazija.lt\/biblioteka\/index.php\/wp-json\/wp\/v2\/types\/post"}],"author":[{"embeddable":true,"href":"http:\/\/www.pirmojigimnazija.lt\/biblioteka\/index.php\/wp-json\/wp\/v2\/users\/2"}],"replies":[{"embeddable":true,"href":"http:\/\/www.pirmojigimnazija.lt\/biblioteka\/index.php\/wp-json\/wp\/v2\/comments?post=1249"}],"version-history":[{"count":2,"href":"http:\/\/www.pirmojigimnazija.lt\/biblioteka\/index.php\/wp-json\/wp\/v2\/posts\/1249\/revisions"}],"predecessor-version":[{"id":1263,"href":"http:\/\/www.pirmojigimnazija.lt\/biblioteka\/index.php\/wp-json\/wp\/v2\/posts\/1249\/revisions\/1263"}],"wp:attachment":[{"href":"http:\/\/www.pirmojigimnazija.lt\/biblioteka\/index.php\/wp-json\/wp\/v2\/media?parent=1249"}],"wp:term":[{"taxonomy":"category","embeddable":true,"href":"http:\/\/www.pirmojigimnazija.lt\/biblioteka\/index.php\/wp-json\/wp\/v2\/categories?post=1249"},{"taxonomy":"post_tag","embeddable":true,"href":"http:\/\/www.pirmojigimnazija.lt\/biblioteka\/index.php\/wp-json\/wp\/v2\/tags?post=1249"}],"curies":[{"name":"wp","href":"https:\/\/api.w.org\/{rel}","templated":true}]}}